{"id":15002,"date":"2026-03-06T15:36:32","date_gmt":"2026-03-06T14:36:32","guid":{"rendered":"https:\/\/www.aserpasl.com\/Candeledapadel\/?p=15002"},"modified":"2026-03-06T20:54:04","modified_gmt":"2026-03-06T19:54:04","slug":"se-suspende-el-torneo-mujeres-y-padel-2026","status":"publish","type":"post","link":"https:\/\/www.aserpasl.com\/Candeledapadel\/2026\/03\/se-suspende-el-torneo-mujeres-y-padel-2026\/","title":{"rendered":"Se suspende el Torneo Mujeres y P\u00e1del 2026"},"content":{"rendered":"\n<div class=\"wp-block-media-text is-stacked-on-mobile\"><figure class=\"wp-block-media-text__media\"><a href=\"https:\/\/www.aserpasl.com\/Candeledapadel\/wp-content\/uploads\/2026\/03\/Torneo-mujeres-y-padel-2026-SUSPENDIDO.jpg\" target=\"_blank\" rel=\" noreferrer noopener\"><img loading=\"lazy\" decoding=\"async\" width=\"768\" height=\"1024\" src=\"https:\/\/www.aserpasl.com\/Candeledapadel\/wp-content\/uploads\/2026\/03\/Torneo-mujeres-y-padel-2026-SUSPENDIDO-768x1024.jpg\" alt=\"\" class=\"wp-image-15004 size-full\" srcset=\"https:\/\/www.aserpasl.com\/Candeledapadel\/wp-content\/uploads\/2026\/03\/Torneo-mujeres-y-padel-2026-SUSPENDIDO-768x1024.jpg 768w, https:\/\/www.aserpasl.com\/Candeledapadel\/wp-content\/uploads\/2026\/03\/Torneo-mujeres-y-padel-2026-SUSPENDIDO-225x300.jpg 225w, https:\/\/www.aserpasl.com\/Candeledapadel\/wp-content\/uploads\/2026\/03\/Torneo-mujeres-y-padel-2026-SUSPENDIDO-1152x1536.jpg 1152w, https:\/\/www.aserpasl.com\/Candeledapadel\/wp-content\/uploads\/2026\/03\/Torneo-mujeres-y-padel-2026-SUSPENDIDO.jpg 1200w\" sizes=\"auto, (max-width: 768px) 100vw, 768px\" \/><\/a><\/figure><div class=\"wp-block-media-text__content\">\n<p>Muy a nuestro pesar se suspende el <strong>Torneo Mujeres y P\u00e1del 2026<\/strong> que iba a tener lugar este s\u00e1bado 7 de marzo en las instalaciones de El Centro en Candeleda.<\/p>\n\n\n\n<p>La decisi\u00f3n se ha tomado no s\u00f3lo por el escaso n\u00famero de participantes sino, tambi\u00e9n, por la diferencia de nivel existente entre las parejas. Estos dos factores hac\u00edan imposible conseguir los objetivos del torneo:<\/p>\n\n\n\n<ul class=\"wp-block-list\">\n<li>Desportivamente: Que se pudieran disputar partidos igualados.<\/li>\n\n\n\n<li>Socialmente: La convivencia de las jugadoras de la zona.<\/li>\n<\/ul>\n\n\n\n<p>Aunque nos entristece profundamente la escasa participaci\u00f3n local, las jugadoras que est\u00e1n iniciado sus primeros pasos en este deporte en nuestra escuela nos animan a seguir apostando por tener una competici\u00f3n femenina.<\/p>\n<\/div><\/div>\n\n\n\n<p>Queremos agradecer tanto a las parejas que se inscribieron, como a las empresas colaboradoras su esfuerzo y confianza. \u00a1\u00a1\u00a1GRACIAS!!!<\/p>\n\n\n\n<p><\/p>\n","protected":false},"excerpt":{"rendered":"<p>Queremos agradecer tanto a las parejas que se inscribieron, como a las empresas colaboradoras su esfuerzo y confianza. \u00a1\u00a1\u00a1GRACIAS!!!<\/p>\n","protected":false},"author":2,"featured_media":15004,"comment_status":"closed","ping_status":"open","sticky":false,"template":"","format":"standard","meta":{"colormag_page_container_layout":"default_layout","colormag_page_sidebar_layout":"default_layout","footnotes":""},"categories":[1],"tags":[],"class_list":["post-15002","post","type-post","status-publish","format-standard","has-post-thumbnail","hentry","category-general"],"yoast_head":"<!-- This site is optimized with the Yoast SEO plugin v27.4 - https:\/\/yoast.com\/product\/yoast-seo-wordpress\/ -->\n<title>Se suspende el Torneo Mujeres y P\u00e1del 2026 - Aserp\u00e1del<\/title>\n<meta name=\"robots\" content=\"index, follow, max-snippet:-1, max-image-preview:large, max-video-preview:-1\" \/>\n<link rel=\"canonical\" href=\"https:\/\/www.aserpasl.com\/Candeledapadel\/2026\/03\/se-suspende-el-torneo-mujeres-y-padel-2026\/\" \/>\n<meta property=\"og:locale\" content=\"es_ES\" \/>\n<meta property=\"og:type\" content=\"article\" \/>\n<meta property=\"og:title\" content=\"Se suspende el Torneo Mujeres y P\u00e1del 2026 - Aserp\u00e1del\" \/>\n<meta property=\"og:description\" content=\"Queremos agradecer tanto a las parejas que se inscribieron, como a las empresas colaboradoras su esfuerzo y confianza. \u00a1\u00a1\u00a1GRACIAS!!!\" \/>\n<meta property=\"og:url\" content=\"https:\/\/www.aserpasl.com\/Candeledapadel\/2026\/03\/se-suspende-el-torneo-mujeres-y-padel-2026\/\" \/>\n<meta property=\"og:site_name\" content=\"Aserp\u00e1del\" \/>\n<meta property=\"article:publisher\" content=\"https:\/\/www.facebook.com\/profile.php?id=100037538779469\" \/>\n<meta property=\"article:published_time\" content=\"2026-03-06T14:36:32+00:00\" \/>\n<meta property=\"article:modified_time\" content=\"2026-03-06T19:54:04+00:00\" \/>\n<meta property=\"og:image\" content=\"https:\/\/www.aserpasl.com\/Candeledapadel\/wp-content\/uploads\/2026\/03\/Torneo-mujeres-y-padel-2026-SUSPENDIDO.jpg\" \/>\n\t<meta property=\"og:image:width\" content=\"1200\" \/>\n\t<meta property=\"og:image:height\" content=\"1600\" \/>\n\t<meta property=\"og:image:type\" content=\"image\/jpeg\" \/>\n<meta name=\"author\" content=\"LE\" \/>\n<meta name=\"twitter:card\" content=\"summary_large_image\" \/>\n<meta name=\"twitter:image\" content=\"https:\/\/www.aserpasl.com\/Candeledapadel\/wp-content\/uploads\/2026\/03\/Torneo-mujeres-y-padel-2026-SUSPENDIDO.jpg\" \/>\n<meta name=\"twitter:creator\" content=\"@Aserpadel\" \/>\n<meta name=\"twitter:site\" content=\"@Aserpadel\" \/>\n<meta name=\"twitter:label1\" content=\"Escrito por\" \/>\n\t<meta name=\"twitter:data1\" content=\"LE\" \/>\n\t<meta name=\"twitter:label2\" content=\"Tiempo de lectura\" \/>\n\t<meta name=\"twitter:data2\" content=\"2 minutos\" \/>\n<script type=\"application\/ld+json\" class=\"yoast-schema-graph\">{\"@context\":\"https:\\\/\\\/schema.org\",\"@graph\":[{\"@type\":\"Article\",\"@id\":\"https:\\\/\\\/www.aserpasl.com\\\/Candeledapadel\\\/2026\\\/03\\\/se-suspende-el-torneo-mujeres-y-padel-2026\\\/#article\",\"isPartOf\":{\"@id\":\"https:\\\/\\\/www.aserpasl.com\\\/Candeledapadel\\\/2026\\\/03\\\/se-suspende-el-torneo-mujeres-y-padel-2026\\\/\"},\"author\":{\"name\":\"LE\",\"@id\":\"https:\\\/\\\/www.aserpasl.com\\\/Candeledapadel\\\/#\\\/schema\\\/person\\\/5525dc682a4efe4a90959d6939493ac3\"},\"headline\":\"Se suspende el Torneo Mujeres y P\u00e1del 2026\",\"datePublished\":\"2026-03-06T14:36:32+00:00\",\"dateModified\":\"2026-03-06T19:54:04+00:00\",\"mainEntityOfPage\":{\"@id\":\"https:\\\/\\\/www.aserpasl.com\\\/Candeledapadel\\\/2026\\\/03\\\/se-suspende-el-torneo-mujeres-y-padel-2026\\\/\"},\"wordCount\":147,\"publisher\":{\"@id\":\"https:\\\/\\\/www.aserpasl.com\\\/Candeledapadel\\\/#organization\"},\"image\":{\"@id\":\"https:\\\/\\\/www.aserpasl.com\\\/Candeledapadel\\\/2026\\\/03\\\/se-suspende-el-torneo-mujeres-y-padel-2026\\\/#primaryimage\"},\"thumbnailUrl\":\"https:\\\/\\\/www.aserpasl.com\\\/Candeledapadel\\\/wp-content\\\/uploads\\\/2026\\\/03\\\/Torneo-mujeres-y-padel-2026-SUSPENDIDO.jpg\",\"articleSection\":[\"General\"],\"inLanguage\":\"es\"},{\"@type\":\"WebPage\",\"@id\":\"https:\\\/\\\/www.aserpasl.com\\\/Candeledapadel\\\/2026\\\/03\\\/se-suspende-el-torneo-mujeres-y-padel-2026\\\/\",\"url\":\"https:\\\/\\\/www.aserpasl.com\\\/Candeledapadel\\\/2026\\\/03\\\/se-suspende-el-torneo-mujeres-y-padel-2026\\\/\",\"name\":\"Se suspende el Torneo Mujeres y P\u00e1del 2026 - Aserp\u00e1del\",\"isPartOf\":{\"@id\":\"https:\\\/\\\/www.aserpasl.com\\\/Candeledapadel\\\/#website\"},\"primaryImageOfPage\":{\"@id\":\"https:\\\/\\\/www.aserpasl.com\\\/Candeledapadel\\\/2026\\\/03\\\/se-suspende-el-torneo-mujeres-y-padel-2026\\\/#primaryimage\"},\"image\":{\"@id\":\"https:\\\/\\\/www.aserpasl.com\\\/Candeledapadel\\\/2026\\\/03\\\/se-suspende-el-torneo-mujeres-y-padel-2026\\\/#primaryimage\"},\"thumbnailUrl\":\"https:\\\/\\\/www.aserpasl.com\\\/Candeledapadel\\\/wp-content\\\/uploads\\\/2026\\\/03\\\/Torneo-mujeres-y-padel-2026-SUSPENDIDO.jpg\",\"datePublished\":\"2026-03-06T14:36:32+00:00\",\"dateModified\":\"2026-03-06T19:54:04+00:00\",\"breadcrumb\":{\"@id\":\"https:\\\/\\\/www.aserpasl.com\\\/Candeledapadel\\\/2026\\\/03\\\/se-suspende-el-torneo-mujeres-y-padel-2026\\\/#breadcrumb\"},\"inLanguage\":\"es\",\"potentialAction\":[{\"@type\":\"ReadAction\",\"target\":[\"https:\\\/\\\/www.aserpasl.com\\\/Candeledapadel\\\/2026\\\/03\\\/se-suspende-el-torneo-mujeres-y-padel-2026\\\/\"]}]},{\"@type\":\"ImageObject\",\"inLanguage\":\"es\",\"@id\":\"https:\\\/\\\/www.aserpasl.com\\\/Candeledapadel\\\/2026\\\/03\\\/se-suspende-el-torneo-mujeres-y-padel-2026\\\/#primaryimage\",\"url\":\"https:\\\/\\\/www.aserpasl.com\\\/Candeledapadel\\\/wp-content\\\/uploads\\\/2026\\\/03\\\/Torneo-mujeres-y-padel-2026-SUSPENDIDO.jpg\",\"contentUrl\":\"https:\\\/\\\/www.aserpasl.com\\\/Candeledapadel\\\/wp-content\\\/uploads\\\/2026\\\/03\\\/Torneo-mujeres-y-padel-2026-SUSPENDIDO.jpg\",\"width\":1200,\"height\":1600},{\"@type\":\"BreadcrumbList\",\"@id\":\"https:\\\/\\\/www.aserpasl.com\\\/Candeledapadel\\\/2026\\\/03\\\/se-suspende-el-torneo-mujeres-y-padel-2026\\\/#breadcrumb\",\"itemListElement\":[{\"@type\":\"ListItem\",\"position\":1,\"name\":\"Portada\",\"item\":\"https:\\\/\\\/www.aserpasl.com\\\/Candeledapadel\\\/\"},{\"@type\":\"ListItem\",\"position\":2,\"name\":\"Se suspende el Torneo Mujeres y P\u00e1del 2026\"}]},{\"@type\":\"WebSite\",\"@id\":\"https:\\\/\\\/www.aserpasl.com\\\/Candeledapadel\\\/#website\",\"url\":\"https:\\\/\\\/www.aserpasl.com\\\/Candeledapadel\\\/\",\"name\":\"P\u00e1del en Candeleda\",\"description\":\"Clases, liguillas, campeonatos... Toda la informaci\u00f3n , y servicios, sobre el p\u00e1del en Candeleda y alrededores (Bajo Tie\u00e9tar y La Vera)\",\"publisher\":{\"@id\":\"https:\\\/\\\/www.aserpasl.com\\\/Candeledapadel\\\/#organization\"},\"alternateName\":\"Aserp\u00e1del\",\"potentialAction\":[{\"@type\":\"SearchAction\",\"target\":{\"@type\":\"EntryPoint\",\"urlTemplate\":\"https:\\\/\\\/www.aserpasl.com\\\/Candeledapadel\\\/?s={search_term_string}\"},\"query-input\":{\"@type\":\"PropertyValueSpecification\",\"valueRequired\":true,\"valueName\":\"search_term_string\"}}],\"inLanguage\":\"es\"},{\"@type\":\"Organization\",\"@id\":\"https:\\\/\\\/www.aserpasl.com\\\/Candeledapadel\\\/#organization\",\"name\":\"ASERPADEL\",\"url\":\"https:\\\/\\\/www.aserpasl.com\\\/Candeledapadel\\\/\",\"logo\":{\"@type\":\"ImageObject\",\"inLanguage\":\"es\",\"@id\":\"https:\\\/\\\/www.aserpasl.com\\\/Candeledapadel\\\/#\\\/schema\\\/logo\\\/image\\\/\",\"url\":\"https:\\\/\\\/www.aserpasl.com\\\/Candeledapadel\\\/wp-content\\\/uploads\\\/2016\\\/08\\\/header.jpg\",\"contentUrl\":\"https:\\\/\\\/www.aserpasl.com\\\/Candeledapadel\\\/wp-content\\\/uploads\\\/2016\\\/08\\\/header.jpg\",\"width\":500,\"height\":175,\"caption\":\"ASERPADEL\"},\"image\":{\"@id\":\"https:\\\/\\\/www.aserpasl.com\\\/Candeledapadel\\\/#\\\/schema\\\/logo\\\/image\\\/\"},\"sameAs\":[\"https:\\\/\\\/www.facebook.com\\\/profile.php?id=100037538779469\",\"https:\\\/\\\/x.com\\\/Aserpadel\",\"https:\\\/\\\/www.instagram.com\\\/aserpadel\\\/\"]},{\"@type\":\"Person\",\"@id\":\"https:\\\/\\\/www.aserpasl.com\\\/Candeledapadel\\\/#\\\/schema\\\/person\\\/5525dc682a4efe4a90959d6939493ac3\",\"name\":\"LE\",\"image\":{\"@type\":\"ImageObject\",\"inLanguage\":\"es\",\"@id\":\"https:\\\/\\\/secure.gravatar.com\\\/avatar\\\/13933d609ab10835411ea3957f72606c85733f128244204e54552f38574aff0b?s=96&d=mm&r=g\",\"url\":\"https:\\\/\\\/secure.gravatar.com\\\/avatar\\\/13933d609ab10835411ea3957f72606c85733f128244204e54552f38574aff0b?s=96&d=mm&r=g\",\"contentUrl\":\"https:\\\/\\\/secure.gravatar.com\\\/avatar\\\/13933d609ab10835411ea3957f72606c85733f128244204e54552f38574aff0b?s=96&d=mm&r=g\",\"caption\":\"LE\"}}]}<\/script>\n<!-- \/ Yoast SEO plugin. -->","yoast_head_json":{"title":"Se suspende el Torneo Mujeres y P\u00e1del 2026 - Aserp\u00e1del","robots":{"index":"index","follow":"follow","max-snippet":"max-snippet:-1","max-image-preview":"max-image-preview:large","max-video-preview":"max-video-preview:-1"},"canonical":"https:\/\/www.aserpasl.com\/Candeledapadel\/2026\/03\/se-suspende-el-torneo-mujeres-y-padel-2026\/","og_locale":"es_ES","og_type":"article","og_title":"Se suspende el Torneo Mujeres y P\u00e1del 2026 - Aserp\u00e1del","og_description":"Queremos agradecer tanto a las parejas que se inscribieron, como a las empresas colaboradoras su esfuerzo y confianza. \u00a1\u00a1\u00a1GRACIAS!!!","og_url":"https:\/\/www.aserpasl.com\/Candeledapadel\/2026\/03\/se-suspende-el-torneo-mujeres-y-padel-2026\/","og_site_name":"Aserp\u00e1del","article_publisher":"https:\/\/www.facebook.com\/profile.php?id=100037538779469","article_published_time":"2026-03-06T14:36:32+00:00","article_modified_time":"2026-03-06T19:54:04+00:00","og_image":[{"width":1200,"height":1600,"url":"https:\/\/www.aserpasl.com\/Candeledapadel\/wp-content\/uploads\/2026\/03\/Torneo-mujeres-y-padel-2026-SUSPENDIDO.jpg","type":"image\/jpeg"}],"author":"LE","twitter_card":"summary_large_image","twitter_image":"https:\/\/www.aserpasl.com\/Candeledapadel\/wp-content\/uploads\/2026\/03\/Torneo-mujeres-y-padel-2026-SUSPENDIDO.jpg","twitter_creator":"@Aserpadel","twitter_site":"@Aserpadel","twitter_misc":{"Escrito por":"LE","Tiempo de lectura":"2 minutos"},"schema":{"@context":"https:\/\/schema.org","@graph":[{"@type":"Article","@id":"https:\/\/www.aserpasl.com\/Candeledapadel\/2026\/03\/se-suspende-el-torneo-mujeres-y-padel-2026\/#article","isPartOf":{"@id":"https:\/\/www.aserpasl.com\/Candeledapadel\/2026\/03\/se-suspende-el-torneo-mujeres-y-padel-2026\/"},"author":{"name":"LE","@id":"https:\/\/www.aserpasl.com\/Candeledapadel\/#\/schema\/person\/5525dc682a4efe4a90959d6939493ac3"},"headline":"Se suspende el Torneo Mujeres y P\u00e1del 2026","datePublished":"2026-03-06T14:36:32+00:00","dateModified":"2026-03-06T19:54:04+00:00","mainEntityOfPage":{"@id":"https:\/\/www.aserpasl.com\/Candeledapadel\/2026\/03\/se-suspende-el-torneo-mujeres-y-padel-2026\/"},"wordCount":147,"publisher":{"@id":"https:\/\/www.aserpasl.com\/Candeledapadel\/#organization"},"image":{"@id":"https:\/\/www.aserpasl.com\/Candeledapadel\/2026\/03\/se-suspende-el-torneo-mujeres-y-padel-2026\/#primaryimage"},"thumbnailUrl":"https:\/\/www.aserpasl.com\/Candeledapadel\/wp-content\/uploads\/2026\/03\/Torneo-mujeres-y-padel-2026-SUSPENDIDO.jpg","articleSection":["General"],"inLanguage":"es"},{"@type":"WebPage","@id":"https:\/\/www.aserpasl.com\/Candeledapadel\/2026\/03\/se-suspende-el-torneo-mujeres-y-padel-2026\/","url":"https:\/\/www.aserpasl.com\/Candeledapadel\/2026\/03\/se-suspende-el-torneo-mujeres-y-padel-2026\/","name":"Se suspende el Torneo Mujeres y P\u00e1del 2026 - Aserp\u00e1del","isPartOf":{"@id":"https:\/\/www.aserpasl.com\/Candeledapadel\/#website"},"primaryImageOfPage":{"@id":"https:\/\/www.aserpasl.com\/Candeledapadel\/2026\/03\/se-suspende-el-torneo-mujeres-y-padel-2026\/#primaryimage"},"image":{"@id":"https:\/\/www.aserpasl.com\/Candeledapadel\/2026\/03\/se-suspende-el-torneo-mujeres-y-padel-2026\/#primaryimage"},"thumbnailUrl":"https:\/\/www.aserpasl.com\/Candeledapadel\/wp-content\/uploads\/2026\/03\/Torneo-mujeres-y-padel-2026-SUSPENDIDO.jpg","datePublished":"2026-03-06T14:36:32+00:00","dateModified":"2026-03-06T19:54:04+00:00","breadcrumb":{"@id":"https:\/\/www.aserpasl.com\/Candeledapadel\/2026\/03\/se-suspende-el-torneo-mujeres-y-padel-2026\/#breadcrumb"},"inLanguage":"es","potentialAction":[{"@type":"ReadAction","target":["https:\/\/www.aserpasl.com\/Candeledapadel\/2026\/03\/se-suspende-el-torneo-mujeres-y-padel-2026\/"]}]},{"@type":"ImageObject","inLanguage":"es","@id":"https:\/\/www.aserpasl.com\/Candeledapadel\/2026\/03\/se-suspende-el-torneo-mujeres-y-padel-2026\/#primaryimage","url":"https:\/\/www.aserpasl.com\/Candeledapadel\/wp-content\/uploads\/2026\/03\/Torneo-mujeres-y-padel-2026-SUSPENDIDO.jpg","contentUrl":"https:\/\/www.aserpasl.com\/Candeledapadel\/wp-content\/uploads\/2026\/03\/Torneo-mujeres-y-padel-2026-SUSPENDIDO.jpg","width":1200,"height":1600},{"@type":"BreadcrumbList","@id":"https:\/\/www.aserpasl.com\/Candeledapadel\/2026\/03\/se-suspende-el-torneo-mujeres-y-padel-2026\/#breadcrumb","itemListElement":[{"@type":"ListItem","position":1,"name":"Portada","item":"https:\/\/www.aserpasl.com\/Candeledapadel\/"},{"@type":"ListItem","position":2,"name":"Se suspende el Torneo Mujeres y P\u00e1del 2026"}]},{"@type":"WebSite","@id":"https:\/\/www.aserpasl.com\/Candeledapadel\/#website","url":"https:\/\/www.aserpasl.com\/Candeledapadel\/","name":"P\u00e1del en Candeleda","description":"Clases, liguillas, campeonatos... Toda la informaci\u00f3n , y servicios, sobre el p\u00e1del en Candeleda y alrededores (Bajo Tie\u00e9tar y La Vera)","publisher":{"@id":"https:\/\/www.aserpasl.com\/Candeledapadel\/#organization"},"alternateName":"Aserp\u00e1del","potentialAction":[{"@type":"SearchAction","target":{"@type":"EntryPoint","urlTemplate":"https:\/\/www.aserpasl.com\/Candeledapadel\/?s={search_term_string}"},"query-input":{"@type":"PropertyValueSpecification","valueRequired":true,"valueName":"search_term_string"}}],"inLanguage":"es"},{"@type":"Organization","@id":"https:\/\/www.aserpasl.com\/Candeledapadel\/#organization","name":"ASERPADEL","url":"https:\/\/www.aserpasl.com\/Candeledapadel\/","logo":{"@type":"ImageObject","inLanguage":"es","@id":"https:\/\/www.aserpasl.com\/Candeledapadel\/#\/schema\/logo\/image\/","url":"https:\/\/www.aserpasl.com\/Candeledapadel\/wp-content\/uploads\/2016\/08\/header.jpg","contentUrl":"https:\/\/www.aserpasl.com\/Candeledapadel\/wp-content\/uploads\/2016\/08\/header.jpg","width":500,"height":175,"caption":"ASERPADEL"},"image":{"@id":"https:\/\/www.aserpasl.com\/Candeledapadel\/#\/schema\/logo\/image\/"},"sameAs":["https:\/\/www.facebook.com\/profile.php?id=100037538779469","https:\/\/x.com\/Aserpadel","https:\/\/www.instagram.com\/aserpadel\/"]},{"@type":"Person","@id":"https:\/\/www.aserpasl.com\/Candeledapadel\/#\/schema\/person\/5525dc682a4efe4a90959d6939493ac3","name":"LE","image":{"@type":"ImageObject","inLanguage":"es","@id":"https:\/\/secure.gravatar.com\/avatar\/13933d609ab10835411ea3957f72606c85733f128244204e54552f38574aff0b?s=96&d=mm&r=g","url":"https:\/\/secure.gravatar.com\/avatar\/13933d609ab10835411ea3957f72606c85733f128244204e54552f38574aff0b?s=96&d=mm&r=g","contentUrl":"https:\/\/secure.gravatar.com\/avatar\/13933d609ab10835411ea3957f72606c85733f128244204e54552f38574aff0b?s=96&d=mm&r=g","caption":"LE"}}]}},"_links":{"self":[{"href":"https:\/\/www.aserpasl.com\/Candeledapadel\/wp-json\/wp\/v2\/posts\/15002","targetHints":{"allow":["GET"]}}],"collection":[{"href":"https:\/\/www.aserpasl.com\/Candeledapadel\/wp-json\/wp\/v2\/posts"}],"about":[{"href":"https:\/\/www.aserpasl.com\/Candeledapadel\/wp-json\/wp\/v2\/types\/post"}],"author":[{"embeddable":true,"href":"https:\/\/www.aserpasl.com\/Candeledapadel\/wp-json\/wp\/v2\/users\/2"}],"replies":[{"embeddable":true,"href":"https:\/\/www.aserpasl.com\/Candeledapadel\/wp-json\/wp\/v2\/comments?post=15002"}],"version-history":[{"count":5,"href":"https:\/\/www.aserpasl.com\/Candeledapadel\/wp-json\/wp\/v2\/posts\/15002\/revisions"}],"predecessor-version":[{"id":15008,"href":"https:\/\/www.aserpasl.com\/Candeledapadel\/wp-json\/wp\/v2\/posts\/15002\/revisions\/15008"}],"wp:featuredmedia":[{"embeddable":true,"href":"https:\/\/www.aserpasl.com\/Candeledapadel\/wp-json\/wp\/v2\/media\/15004"}],"wp:attachment":[{"href":"https:\/\/www.aserpasl.com\/Candeledapadel\/wp-json\/wp\/v2\/media?parent=15002"}],"wp:term":[{"taxonomy":"category","embeddable":true,"href":"https:\/\/www.aserpasl.com\/Candeledapadel\/wp-json\/wp\/v2\/categories?post=15002"},{"taxonomy":"post_tag","embeddable":true,"href":"https:\/\/www.aserpasl.com\/Candeledapadel\/wp-json\/wp\/v2\/tags?post=15002"}],"curies":[{"name":"wp","href":"https:\/\/api.w.org\/{rel}","templated":true}]}}